{"type": "video", "version": "1.0", "provider_name": "VID\u00c9OS", "provider_url": "https://videos.univ-lr.fr", "width": 640, "height": 360, "title": "Teaser Les \u00e9tudiants \u00e0 l'affiche 2025", "author_name": "", "author_url": "https://videos.univ-lr.fr/videos/?owner=admin", "html": "<iframe src=\"https://videos.univ-lr.fr/video/3324-teaser-les-etudiants-a-laffiche-2025/?is_iframe=true\" width=\"640\" height=\"360\" style=\"padding: 0; margin: 0; border:0\" allowfullscreen loading='lazy'></iframe>", "thumbnail_url": "https:/media/cache/45/0d/450df7497d75f51d69da6ca1a2cd11c1.jpg", "thumbnail_width": 3022, "thumbnail_height": 1700}