{"type": "video", "version": "1.0", "provider_name": "VID\u00c9OS", "provider_url": "https://videos.univ-lr.fr", "width": 640, "height": 360, "title": "Conf\u00e9rence : Changer notre vision de la biodiversit\u00e9", "author_name": "", "author_url": "https://videos.univ-lr.fr/videos/?owner=admin", "html": "<iframe src=\"https://videos.univ-lr.fr/video/1522-conference-changer-notre-vision-de-la-biodiversite/?is_iframe=true\" width=\"640\" height=\"360\" style=\"padding: 0; margin: 0; border:0\" allowfullscreen loading='lazy'></iframe>", "thumbnail_url": "https:/media/cache/27/ef/27efc4682614a9c9604c8e270c523b1b.png", "thumbnail_width": 640, "thumbnail_height": 360}